{"id":14184,"date":"2022-06-08T11:48:15","date_gmt":"2022-06-08T09:48:15","guid":{"rendered":"https:\/\/www.silkes-weinkeller.de\/weinblatt-magazin\/?p=14184"},"modified":"2022-06-08T11:52:15","modified_gmt":"2022-06-08T09:52:15","slug":"winzerview-mit-alvaro-martinez-von-bodegas-martinez-lacuesta","status":"publish","type":"post","link":"https:\/\/www.silkes-weinkeller.de\/weinblatt-magazin\/winzerview-mit-alvaro-martinez-von-bodegas-martinez-lacuesta\/","title":{"rendered":"Winzerview mit \u00c1lvaro Mart\u00ednez von Bodegas Mart\u00ednez Lacuesta"},"content":{"rendered":"\n<p>Das <a href=\"https:\/\/www.silkes-weinkeller.de\/weingueter\/\" data-type=\"URL\" data-id=\"https:\/\/www.silkes-weinkeller.de\/weingueter\/\">Weingut<\/a> Bodegas Mart\u00ednez Lacuesta befindet sich in der traditionsreichen Stadt <a href=\"https:\/\/www.silkes-weinkeller.de\/weinblatt-magazin\/weingueter-in-haro-ein-ort-viele-persoenlichkeiten\/\" data-type=\"URL\" data-id=\"https:\/\/www.silkes-weinkeller.de\/weinblatt-magazin\/weingueter-in-haro-ein-ort-viele-persoenlichkeiten\/\">Haro<\/a>. Hier, inmitten <a href=\"https:\/\/www.silkes-weinkeller.de\/wein\/rioja\/\" data-type=\"URL\" data-id=\"https:\/\/www.silkes-weinkeller.de\/wein\/rioja\/\">La Riojas<\/a> und in einer der bekanntesten Weinst\u00e4dte des Landes entstehen die Weine des Hauses. Die Familie selbst arbeitet hier schon seit vielen Jahrzehnten. Mit \u00c1lvaro Mart\u00ednez gew\u00e4hrt der heutige Kopf der Bodega Einblicke hinter die Kulissen und zeigt auf, was Weingenuss aus <a href=\"https:\/\/www.silkes-weinkeller.de\/wein\/spanien\/\" data-type=\"URL\" data-id=\"https:\/\/www.silkes-weinkeller.de\/wein\/spanien\/\">Spanien<\/a> f\u00fcr ihn bedeutet.<\/p>\n\n\n\n<figure class=\"wp-block-image size-full\"><img decoding=\"async\" width=\"1170\" height=\"780\" src=\"https:\/\/www.silkes-weinkeller.de\/weinblatt-magazin\/wp-content\/uploads\/2022\/06\/aktuelles-foto.jpg\" alt=\"aktuelles Foto des Weinbergs in herbstlichen Farben\" class=\"wp-image-14186\" title=\"\" srcset=\"https:\/\/www.silkes-weinkeller.de\/weinblatt-magazin\/wp-content\/uploads\/2022\/06\/aktuelles-foto.jpg 1170w, https:\/\/www.silkes-weinkeller.de\/weinblatt-magazin\/wp-content\/uploads\/2022\/06\/aktuelles-foto-770x513.jpg 770w, https:\/\/www.silkes-weinkeller.de\/weinblatt-magazin\/wp-content\/uploads\/2022\/06\/aktuelles-foto-370x247.jpg 370w, https:\/\/www.silkes-weinkeller.de\/weinblatt-magazin\/wp-content\/uploads\/2022\/06\/aktuelles-foto-1155x770.jpg 1155w, https:\/\/www.silkes-weinkeller.de\/weinblatt-magazin\/wp-content\/uploads\/2022\/06\/aktuelles-foto-293x195.jpg 293w\" sizes=\"(max-width: 1170px) 100vw, 1170px\" \/><\/figure>\n\n\n\n<div id=\"ez-toc-container\" class=\"ez-toc-v2_0_81 counter-hierarchy ez-toc-counter ez-toc-grey ez-toc-container-direction\">\n<p class=\"ez-toc-title\" style=\"cursor:inherit\">Inhaltsverzeichnis<\/p>\n<label for=\"ez-toc-cssicon-toggle-item-69f5c95916e81\" class=\"ez-toc-cssicon-toggle-label\"><span class=\"\"><span class=\"eztoc-hide\" style=\"display:none;\">Toggle<\/span><span class=\"ez-toc-icon-toggle-span\"><svg style=\"fill: #999;color:#999\" xmlns=\"http:\/\/www.w3.org\/2000\/svg\" class=\"list-377408\" width=\"20px\" height=\"20px\" viewBox=\"0 0 24 24\" fill=\"none\"><path d=\"M6 6H4v2h2V6zm14 0H8v2h12V6zM4 11h2v2H4v-2zm16 0H8v2h12v-2zM4 16h2v2H4v-2zm16 0H8v2h12v-2z\" fill=\"currentColor\"><\/path><\/svg><svg style=\"fill: #999;color:#999\" class=\"arrow-unsorted-368013\" xmlns=\"http:\/\/www.w3.org\/2000\/svg\" width=\"10px\" height=\"10px\" viewBox=\"0 0 24 24\" version=\"1.2\" baseProfile=\"tiny\"><path d=\"M18.2 9.3l-6.2-6.3-6.2 6.3c-.2.2-.3.4-.3.7s.1.5.3.7c.2.2.4.3.7.3h11c.3 0 .5-.1.7-.3.2-.2.3-.5.3-.7s-.1-.5-.3-.7zM5.8 14.7l6.2 6.3 6.2-6.3c.2-.2.3-.5.3-.7s-.1-.5-.3-.7c-.2-.2-.4-.3-.7-.3h-11c-.3 0-.5.1-.7.3-.2.2-.3.5-.3.7s.1.5.3.7z\"\/><\/svg><\/span><\/span><\/label><input type=\"checkbox\"  id=\"ez-toc-cssicon-toggle-item-69f5c95916e81\"  aria-label=\"Toggle\" \/><nav><ul class='ez-toc-list ez-toc-list-level-1 ' ><li class='ez-toc-page-1 ez-toc-heading-level-2'><a class=\"ez-toc-link ez-toc-heading-1\" href=\"https:\/\/www.silkes-weinkeller.de\/weinblatt-magazin\/winzerview-mit-alvaro-martinez-von-bodegas-martinez-lacuesta\/#Starten_wir_mit_einer_schwierigen_Frage_Was_sollte_wirklich_jeder_ueber_Sie_wissen\" >Starten wir mit einer schwierigen Frage: Was sollte wirklich jeder \u00fcber Sie wissen?<\/a><\/li><li class='ez-toc-page-1 ez-toc-heading-level-2'><a class=\"ez-toc-link ez-toc-heading-2\" href=\"https:\/\/www.silkes-weinkeller.de\/weinblatt-magazin\/winzerview-mit-alvaro-martinez-von-bodegas-martinez-lacuesta\/#Was_macht_Ihre_Weine_so_aussergewoehnlich\" >Was macht Ihre Weine so au\u00dfergew\u00f6hnlich?<\/a><\/li><li class='ez-toc-page-1 ez-toc-heading-level-2'><a class=\"ez-toc-link ez-toc-heading-3\" href=\"https:\/\/www.silkes-weinkeller.de\/weinblatt-magazin\/winzerview-mit-alvaro-martinez-von-bodegas-martinez-lacuesta\/#Welchen_Herausforderungen_stellen_Sie_sich_jeden_Tag\" >Welchen Herausforderungen stellen Sie sich jeden Tag?<\/a><\/li><li class='ez-toc-page-1 ez-toc-heading-level-2'><a class=\"ez-toc-link ez-toc-heading-4\" href=\"https:\/\/www.silkes-weinkeller.de\/weinblatt-magazin\/winzerview-mit-alvaro-martinez-von-bodegas-martinez-lacuesta\/#Was_weckte_Ihren_Wunsch_Winzer_zu_werden\" >Was weckte Ihren Wunsch, Winzer zu werden?<\/a><\/li><li class='ez-toc-page-1 ez-toc-heading-level-2'><a class=\"ez-toc-link ez-toc-heading-5\" href=\"https:\/\/www.silkes-weinkeller.de\/weinblatt-magazin\/winzerview-mit-alvaro-martinez-von-bodegas-martinez-lacuesta\/#Was_waere_Ihr_Beruf_wenn_nicht_Winzer\" >Was w\u00e4re Ihr Beruf, wenn nicht Winzer?<\/a><\/li><li class='ez-toc-page-1 ez-toc-heading-level-2'><a class=\"ez-toc-link ez-toc-heading-6\" href=\"https:\/\/www.silkes-weinkeller.de\/weinblatt-magazin\/winzerview-mit-alvaro-martinez-von-bodegas-martinez-lacuesta\/#Gibt_es_Ihr_Weingut_schon_lang_Moechten_Sie_etwas_ueber_die_Geschichte_erzaehlen\" >Gibt es Ihr Weingut schon lang? M\u00f6chten Sie etwas \u00fcber die Geschichte erz\u00e4hlen?<\/a><\/li><li class='ez-toc-page-1 ez-toc-heading-level-2'><a class=\"ez-toc-link ez-toc-heading-7\" href=\"https:\/\/www.silkes-weinkeller.de\/weinblatt-magazin\/winzerview-mit-alvaro-martinez-von-bodegas-martinez-lacuesta\/#Haben_Sie_zukuenftige_Projekte_geplant\" >Haben Sie zuk\u00fcnftige Projekte geplant?<\/a><\/li><li class='ez-toc-page-1 ez-toc-heading-level-2'><a class=\"ez-toc-link ez-toc-heading-8\" href=\"https:\/\/www.silkes-weinkeller.de\/weinblatt-magazin\/winzerview-mit-alvaro-martinez-von-bodegas-martinez-lacuesta\/#Haben_Sie_besondere_seltene_oder_fuer_die_Region_typische_Rebsorten_in_Ihrem_Portfolio\" >Haben Sie besondere, seltene oder f\u00fcr die Region typische Rebsorten in Ihrem Portfolio?<\/a><\/li><li class='ez-toc-page-1 ez-toc-heading-level-2'><a class=\"ez-toc-link ez-toc-heading-9\" href=\"https:\/\/www.silkes-weinkeller.de\/weinblatt-magazin\/winzerview-mit-alvaro-martinez-von-bodegas-martinez-lacuesta\/#Was_ist_Ihnen_bei_der_Bewirtschaftung_des_Weinbergs_besonders_wichtig\" >Was ist Ihnen bei der Bewirtschaftung des Weinbergs besonders wichtig?<\/a><\/li><li class='ez-toc-page-1 ez-toc-heading-level-2'><a class=\"ez-toc-link ez-toc-heading-10\" href=\"https:\/\/www.silkes-weinkeller.de\/weinblatt-magazin\/winzerview-mit-alvaro-martinez-von-bodegas-martinez-lacuesta\/#Beschreiben_Sie_uns_die_klimatischen_und_geografischen_Gegebenheiten_Ihres_Weinguts\" >Beschreiben Sie uns die klimatischen und geografischen Gegebenheiten Ihres Weinguts.<\/a><\/li><li class='ez-toc-page-1 ez-toc-heading-level-2'><a class=\"ez-toc-link ez-toc-heading-11\" href=\"https:\/\/www.silkes-weinkeller.de\/weinblatt-magazin\/winzerview-mit-alvaro-martinez-von-bodegas-martinez-lacuesta\/#Gibt_es_aktuelle_Trends_die_Sie_moegen\" >Gibt es aktuelle Trends, die Sie m\u00f6gen?<\/a><\/li><li class='ez-toc-page-1 ez-toc-heading-level-2'><a class=\"ez-toc-link ez-toc-heading-12\" href=\"https:\/\/www.silkes-weinkeller.de\/weinblatt-magazin\/winzerview-mit-alvaro-martinez-von-bodegas-martinez-lacuesta\/#Viele_Menschen_haben_Mentoren_in_ihrem_Leben_Wer_ist_das_fuer_Sie_Wen_rufen_Sie_an_wenn_es_ein_Problem_im_Weinberg_oder_im_Keller_gibt\" >Viele Menschen haben Mentoren in ihrem Leben. Wer ist das f\u00fcr Sie? Wen rufen Sie an, wenn es ein Problem im Weinberg oder im Keller gibt?<\/a><\/li><li class='ez-toc-page-1 ez-toc-heading-level-2'><a class=\"ez-toc-link ez-toc-heading-13\" href=\"https:\/\/www.silkes-weinkeller.de\/weinblatt-magazin\/winzerview-mit-alvaro-martinez-von-bodegas-martinez-lacuesta\/#Was_machen_Sie_in_Ihren_wenigen_freien_Stunden\" >Was machen Sie in Ihren wenigen freien Stunden?<\/a><\/li><li class='ez-toc-page-1 ez-toc-heading-level-2'><a class=\"ez-toc-link ez-toc-heading-14\" href=\"https:\/\/www.silkes-weinkeller.de\/weinblatt-magazin\/winzerview-mit-alvaro-martinez-von-bodegas-martinez-lacuesta\/#Es_geht_nichts_ueber_die_Heimat_Wuerden_Sie_dennoch_gerne_woanders_Wein_machen\" >Es geht nichts \u00fcber die Heimat! W\u00fcrden Sie dennoch gerne woanders Wein machen?<\/a><\/li><li class='ez-toc-page-1 ez-toc-heading-level-2'><a class=\"ez-toc-link ez-toc-heading-15\" href=\"https:\/\/www.silkes-weinkeller.de\/weinblatt-magazin\/winzerview-mit-alvaro-martinez-von-bodegas-martinez-lacuesta\/#Die_Frage_zum_Schluss_Welche_Frage_konnten_Sie_in_der_juengsten_Vergangenheit_nicht_beantworten\" >Die Frage zum Schluss: Welche Frage konnten Sie in der j\u00fcngsten Vergangenheit nicht beantworten?<\/a><\/li><\/ul><\/nav><\/div>\n<h2 class=\"wp-block-heading\"><span class=\"ez-toc-section\" id=\"Starten_wir_mit_einer_schwierigen_Frage_Was_sollte_wirklich_jeder_ueber_Sie_wissen\"><\/span>Starten wir mit einer schwierigen Frage: Was sollte wirklich jeder \u00fcber Sie wissen?<span class=\"ez-toc-section-end\"><\/span><\/h2>\n\n\n\n<blockquote class=\"wp-block-quote is-layout-flow wp-block-quote-is-layout-flow\"><p>Unser Weingut verfolgt die besondere Philosophie des \u201eZur\u00fcck in die Zukunft\u201c. Mit Evolution, aber nicht mit Revolution.<\/p><p>Wir arbeiten mit Werten, Prinzipien und Strategien aus der Vergangenheit und sch\u00e4tzen unsere alten Traditionen. Zugleich \u00f6ffnen wir uns auch der modernen Genusswelt um ikonische Weine zu schaffen. Unser oberstes Ziel ist die Zufriedenheit derjenigen, die unsere Weine genie\u00dfen.<\/p><\/blockquote>\n\n\n\n<h2 class=\"wp-block-heading\"><span class=\"ez-toc-section\" id=\"Was_macht_Ihre_Weine_so_aussergewoehnlich\"><\/span>Was macht Ihre Weine so au\u00dfergew\u00f6hnlich?<span class=\"ez-toc-section-end\"><\/span><\/h2>\n\n\n\n<blockquote class=\"wp-block-quote is-layout-flow wp-block-quote-is-layout-flow\"><p>Unsere Familie ist seit den Anf\u00e4ngen der Kellerei auf den Ausbau und die Reifung von <a href=\"https:\/\/www.silkes-weinkeller.de\/wein\/\" data-type=\"URL\" data-id=\"https:\/\/www.silkes-weinkeller.de\/wein\/\">Wein<\/a> spezialisiert. Das war grundlegend f\u00fcr den &#8222;Rioja&#8220;-Stil, den wir erwarteten. Wir verwenden <a href=\"https:\/\/www.silkes-weinkeller.de\/weinblatt-magazin\/holzkunde-das-aromatische-potenzial-des-fasses\/\" data-type=\"URL\" data-id=\"https:\/\/www.silkes-weinkeller.de\/weinblatt-magazin\/holzkunde-das-aromatische-potenzial-des-fasses\/\">amerikanische Eiche<\/a> wegen ihrer wesentlichen Werte, ihrer F\u00e4higkeit, dem Wein fl\u00fcchtige Verbindungen zu verleihen.<\/p><p>Unsere Trauben stammen aus einem der einzigartigsten <a href=\"https:\/\/www.silkes-weinkeller.de\/weinblatt-magazin\/terroir-und-der-einfluss-des-bodens-auf-das-aroma-des-weines\/\" data-type=\"URL\" data-id=\"https:\/\/www.silkes-weinkeller.de\/weinblatt-magazin\/terroir-und-der-einfluss-des-bodens-auf-das-aroma-des-weines\/\">Terroirs<\/a> Spaniens. Wir setzen im Keller noch immer auf traditionelle Methoden, die sich \u00fcber drei Generationen hinweg etablierten und bew\u00e4hrten. Unseren Wein f\u00fcllen wir nach wie vor alle sechs Monate mit Hilfe der Schwerkraft von einem Fass in ein anderes, um ihn zu kl\u00e4ren. Unsere Liebe gilt dabei den &#8222;Klassikern&#8220;. Sie sind die Avantgarde der Vergangenheit und die Referenz der Gegenwart und Zukunft.<\/p><\/blockquote>\n\n\n\n<h2 class=\"wp-block-heading\"><span class=\"ez-toc-section\" id=\"Welchen_Herausforderungen_stellen_Sie_sich_jeden_Tag\"><\/span>Welchen Herausforderungen stellen Sie sich jeden Tag?<span class=\"ez-toc-section-end\"><\/span><\/h2>\n\n\n\n<blockquote class=\"wp-block-quote is-layout-flow wp-block-quote-is-layout-flow\"><p>Zun\u00e4chst einmal geht es darum, unsere Weinberge noch besser kennen zu lernen und st\u00e4ndig nach neuen Spitzenleistungen zu streben. In unsere Weinberge, welche unser gr\u00f6\u00dftes Kapital sind, investieren wir unsere gr\u00f6\u00dften Anstrengungen. Eine weitere Herausforderung ist es, unser Weingut weltweit bekannt zu machen.<\/p><p>Und schlie\u00dflich eine ganz besondere Herausforderung: Wir wollen jeden Tag gl\u00fcckliche und zufriedene Menschen treffen, die sich mit unseren Werten identifizieren. Das beginnt schon mit unserem Team, aber auch allgemein stehen die T\u00fcren unseres Weinkellers allen offen.<\/p><\/blockquote>\n\n\n\n<h2 class=\"wp-block-heading\"><span class=\"ez-toc-section\" id=\"Was_weckte_Ihren_Wunsch_Winzer_zu_werden\"><\/span>Was weckte Ihren Wunsch, Winzer zu werden?<span class=\"ez-toc-section-end\"><\/span><\/h2>\n\n\n\n<blockquote class=\"wp-block-quote is-layout-flow wp-block-quote-is-layout-flow\"><p>Von Beginn meines Lebens an hatte ich zu Hause immer eine Beziehung zum Wein und seiner Herstellung. Als ich neun Jahre alt war, rief mein Vater als Generaldirektor ein Referenzweinprojekt ins Leben und ich war hautnah dabei. Mein ganzes Leben lang war ich immer in oder in der N\u00e4he einer Weinkellerei. So wurde dies auch meine Leidenschaft.<br><br>Eine der besonderen Energien und Motivationen meiner Arbeit ist es, diese Liebe zum Wein zu teilen. Es geht dabei nicht darum, mehr zu trinken, sondern besser zu trinken. Und das liegt nicht nur an der Qualit\u00e4t des Weins, sondern auch an der Qualit\u00e4t der Beziehungen, der Momente und des Umfelds, in dem wir ein Glas Wein genie\u00dfen. Das lernte ich dank meiner Familie schon fr\u00fch.<\/p><\/blockquote>\n\n\n\n<h2 class=\"wp-block-heading\"><span class=\"ez-toc-section\" id=\"Was_waere_Ihr_Beruf_wenn_nicht_Winzer\"><\/span>Was w\u00e4re Ihr Beruf, wenn nicht Winzer?<span class=\"ez-toc-section-end\"><\/span><\/h2>\n\n\n\n<blockquote class=\"wp-block-quote is-layout-flow wp-block-quote-is-layout-flow\"><p>Um ehrlich zu sein, kann ich mir ein Leben au\u00dferhalb des Weins nicht vorstellen, aber wenn ich mich nicht diesem Sektor verschrieben h\u00e4tte, w\u00fcrde ich mich sicherlich mit etwas besch\u00e4ftigen, das mit dem menschlichen Wesen zu tun hat. Ich interessiere mich leidenschaftlich f\u00fcr Psychologie und halte mich f\u00fcr einen Humanisten. Kommunikation und Marketing sind eine weitere Leidenschaft von mir und ich bilde mich st\u00e4ndig weiter.<\/p><\/blockquote>\n\n\n\n<h2 class=\"wp-block-heading\"><span class=\"ez-toc-section\" id=\"Gibt_es_Ihr_Weingut_schon_lang_Moechten_Sie_etwas_ueber_die_Geschichte_erzaehlen\"><\/span>Gibt es Ihr Weingut schon lang? M\u00f6chten Sie etwas \u00fcber die Geschichte erz\u00e4hlen?<span class=\"ez-toc-section-end\"><\/span><\/h2>\n\n\n\n<blockquote class=\"wp-block-quote is-layout-flow wp-block-quote-is-layout-flow\"><p>Unsere Weinkellerei gibt es schon seit <a href=\"https:\/\/www.silkes-weinkeller.de\/weinblatt-magazin\/wein-und-die-industrialisierung\/\" data-type=\"URL\" data-id=\"https:\/\/www.silkes-weinkeller.de\/weinblatt-magazin\/wein-und-die-industrialisierung\/\">1895<\/a>. Sie war eine der ersten in Haro. Der Name leitet sich aus dem Nachnamen unseres Gr\u00fcnders und der Familie Martinez Lacuesta ab, die seit der Gr\u00fcndung die einzigen Eigent\u00fcmer sind. Heute sind die 4. und 5. Generation an Bord.<br>Javier Ba\u00f1ales und ich sind die ersten beiden Personen, die diese ikonische Weinkellerei leiten und die in der 127-j\u00e4hrigen Geschichte nicht zur Familie geh\u00f6ren.<\/p><\/blockquote>\n\n\n\n<figure class=\"wp-block-image size-full\"><img decoding=\"async\" width=\"1170\" height=\"780\" src=\"https:\/\/www.silkes-weinkeller.de\/weinblatt-magazin\/wp-content\/uploads\/2022\/06\/altes-foto-weingut.jpg\" alt=\"altes schwarz wei\u00df Foto des Weinguts\" class=\"wp-image-14187\" title=\"\" srcset=\"https:\/\/www.silkes-weinkeller.de\/weinblatt-magazin\/wp-content\/uploads\/2022\/06\/altes-foto-weingut.jpg 1170w, https:\/\/www.silkes-weinkeller.de\/weinblatt-magazin\/wp-content\/uploads\/2022\/06\/altes-foto-weingut-770x513.jpg 770w, https:\/\/www.silkes-weinkeller.de\/weinblatt-magazin\/wp-content\/uploads\/2022\/06\/altes-foto-weingut-370x247.jpg 370w, https:\/\/www.silkes-weinkeller.de\/weinblatt-magazin\/wp-content\/uploads\/2022\/06\/altes-foto-weingut-1155x770.jpg 1155w, https:\/\/www.silkes-weinkeller.de\/weinblatt-magazin\/wp-content\/uploads\/2022\/06\/altes-foto-weingut-293x195.jpg 293w\" sizes=\"(max-width: 1170px) 100vw, 1170px\" \/><\/figure>\n\n\n\n<h2 class=\"wp-block-heading\"><span class=\"ez-toc-section\" id=\"Haben_Sie_zukuenftige_Projekte_geplant\"><\/span>Haben Sie zuk\u00fcnftige Projekte geplant?<span class=\"ez-toc-section-end\"><\/span><\/h2>\n\n\n\n<blockquote class=\"wp-block-quote is-layout-flow wp-block-quote-is-layout-flow\"><p>(lacht) Unz\u00e4hlige! Manchmal wird mir sogar ein wenig schwindlig, so viele sind es. Aber wir werden sie nach und nach umsetzen. Unser Ziel ist es, weiterhin das zu sein, was wir sind, und daf\u00fcr m\u00fcssen wir sehr innovativ, rastlos und erneuerungsfreudig sein. Die wichtigsten Projekte der Zukunft betreffen den Weinberg und neue Weine, die auch noch in ferner Zukunft in Erinnerung bleiben.<\/p><\/blockquote>\n\n\n\n<h2 class=\"wp-block-heading\"><span class=\"ez-toc-section\" id=\"Haben_Sie_besondere_seltene_oder_fuer_die_Region_typische_Rebsorten_in_Ihrem_Portfolio\"><\/span>Haben Sie besondere, seltene oder f\u00fcr die Region typische Rebsorten in Ihrem Portfolio?<span class=\"ez-toc-section-end\"><\/span><\/h2>\n\n\n\n<blockquote class=\"wp-block-quote is-layout-flow wp-block-quote-is-layout-flow\"><p>Das Besondere an unseren Rebsorten ist, dass sie in der Region beheimatet sind. Aus diesem Grund tragen unsere Weine immer die Pers\u00f6nlichkeit unserer Region, der Rioja Alta, in sich. Wir arbeiten mit wei\u00dfem Tempranillo, <a href=\"https:\/\/www.silkes-weinkeller.de\/inspirationen\/viura\/\" data-type=\"URL\" data-id=\"https:\/\/www.silkes-weinkeller.de\/inspirationen\/viura\/\">Viura<\/a>, <a href=\"https:\/\/www.silkes-weinkeller.de\/inspirationen\/tempranillo\/\" data-type=\"URL\" data-id=\"https:\/\/www.silkes-weinkeller.de\/inspirationen\/tempranillo\/\">Tempranillo<\/a>, Mazuelo, Graciano und <a href=\"https:\/\/www.silkes-weinkeller.de\/inspirationen\/garnacha\/\" data-type=\"URL\" data-id=\"https:\/\/www.silkes-weinkeller.de\/inspirationen\/garnacha\/\">Garnacha<\/a>. Unser Ziel ist es, den Charakter jeder einzelnen Rebsorte zu erforschen und ihrem Stil treu zu bleiben.<\/p><\/blockquote>\n\n\n\n<h2 class=\"wp-block-heading\"><span class=\"ez-toc-section\" id=\"Was_ist_Ihnen_bei_der_Bewirtschaftung_des_Weinbergs_besonders_wichtig\"><\/span>Was ist Ihnen bei der Bewirtschaftung des Weinbergs besonders wichtig?<span class=\"ez-toc-section-end\"><\/span><\/h2>\n\n\n\n<blockquote class=\"wp-block-quote is-layout-flow wp-block-quote-is-layout-flow\"><p>Respekt und harte Arbeit auf der Suche nach der Identit\u00e4t unseres Weinstils. Wir haben keine einzigartigen Weinberge, aber wir sind der Meinung, dass wir sie auf besonders respektvolle und umweltfreundliche Weise bearbeiten. Ohne Weinberg gibt es keinen Wein. Kein Leben.<\/p><\/blockquote>\n\n\n\n<h2 class=\"wp-block-heading\"><span class=\"ez-toc-section\" id=\"Beschreiben_Sie_uns_die_klimatischen_und_geografischen_Gegebenheiten_Ihres_Weinguts\"><\/span>Beschreiben Sie uns die klimatischen und geografischen Gegebenheiten Ihres Weinguts.<span class=\"ez-toc-section-end\"><\/span><\/h2>\n\n\n\n<blockquote class=\"wp-block-quote is-layout-flow wp-block-quote-is-layout-flow\"><p>Unser Weingut befindet sich im Herzen der Rioja Alta in einem kontinental beeinflussten Mikroklima mit lehmig-kalkigen, tonig-eisenhaltigen Schwemmlandb\u00f6den. Die Sommer sind hei\u00df, trocken und meist klar; die Winter sind sehr kalt und teilweise bew\u00f6lkt.<\/p><p>Die Temperaturen schwanken innerhalb eines Jahres zwischen zwei und 29 Grad Celsius. Ein ideales Klima f\u00fcr den Anbau gesunder Reben, die wunderbare, langlebige Weine hervorbringen. Au\u00dferdem ist die Region durch die umliegenden Berge auf nat\u00fcrliche Weise vor den starken Winden des Atlantiks gesch\u00fctzt.<\/p><\/blockquote>\n\n\n\n<h2 class=\"wp-block-heading\"><span class=\"ez-toc-section\" id=\"Gibt_es_aktuelle_Trends_die_Sie_moegen\"><\/span>Gibt es aktuelle Trends, die Sie m\u00f6gen?<span class=\"ez-toc-section-end\"><\/span><\/h2>\n\n\n\n<blockquote class=\"wp-block-quote is-layout-flow wp-block-quote-is-layout-flow\"><p>In der Rioja gerieten die <a href=\"https:\/\/www.silkes-weinkeller.de\/wein\/weisswein\/\" data-type=\"URL\" data-id=\"https:\/\/www.silkes-weinkeller.de\/wein\/weisswein\/\">Wei\u00dfweine<\/a> jahrelang in Vergessenheit. Inzwischen aber kommen sie auch dank uns allm\u00e4hlich wieder zur\u00fcck. Das sind Wei\u00dfweine, die uns an fr\u00fchere Jahre erinnern. Abgesehen hiervon arbeiten wir gerne mit der Trend-Rebe <a href=\"https:\/\/www.silkes-weinkeller.de\/weinblatt-magazin\/edle-traube-die-garnacha\/\" data-type=\"URL\" data-id=\"https:\/\/www.silkes-weinkeller.de\/weinblatt-magazin\/edle-traube-die-garnacha\/\">Garnacha<\/a>.<\/p><\/blockquote>\n\n\n\n<h2 class=\"wp-block-heading\"><span class=\"ez-toc-section\" id=\"Viele_Menschen_haben_Mentoren_in_ihrem_Leben_Wer_ist_das_fuer_Sie_Wen_rufen_Sie_an_wenn_es_ein_Problem_im_Weinberg_oder_im_Keller_gibt\"><\/span>Viele Menschen haben Mentoren in ihrem Leben. Wer ist das f\u00fcr Sie? Wen rufen Sie an, wenn es ein Problem im Weinberg oder im Keller gibt?<span class=\"ez-toc-section-end\"><\/span><\/h2>\n\n\n\n<blockquote class=\"wp-block-quote is-layout-flow wp-block-quote-is-layout-flow\"><p>Ich kenne viele Winzer und Fachleute, mit denen ich eine sehr gute Freundschaft pflege. Es ist eine Bereicherung, sich mit ihnen zu unterhalten, Zeit zu teilen und zu plaudern. Au\u00dferdem sind wir hier auf dem Weingut ein gro\u00dfartiges Team und z\u00e4hlen aufeinander. Wenn ein Problem auftaucht und wir uns ihm stellen m\u00fcssen, tun wir es normalerweise gemeinsam.<\/p><\/blockquote>\n\n\n\n<figure class=\"wp-block-image size-full\"><img decoding=\"async\" width=\"1170\" height=\"780\" src=\"https:\/\/www.silkes-weinkeller.de\/weinblatt-magazin\/wp-content\/uploads\/2022\/06\/frau-wein.jpg\" alt=\"altes schwarz wei\u00df Foto von einer Frau, die Wein etikettiert\" class=\"wp-image-14188\" title=\"\" srcset=\"https:\/\/www.silkes-weinkeller.de\/weinblatt-magazin\/wp-content\/uploads\/2022\/06\/frau-wein.jpg 1170w, https:\/\/www.silkes-weinkeller.de\/weinblatt-magazin\/wp-content\/uploads\/2022\/06\/frau-wein-770x513.jpg 770w, https:\/\/www.silkes-weinkeller.de\/weinblatt-magazin\/wp-content\/uploads\/2022\/06\/frau-wein-370x247.jpg 370w, https:\/\/www.silkes-weinkeller.de\/weinblatt-magazin\/wp-content\/uploads\/2022\/06\/frau-wein-1155x770.jpg 1155w, https:\/\/www.silkes-weinkeller.de\/weinblatt-magazin\/wp-content\/uploads\/2022\/06\/frau-wein-293x195.jpg 293w\" sizes=\"(max-width: 1170px) 100vw, 1170px\" \/><\/figure>\n\n\n\n<h2 class=\"wp-block-heading\"><span class=\"ez-toc-section\" id=\"Was_machen_Sie_in_Ihren_wenigen_freien_Stunden\"><\/span>Was machen Sie in Ihren wenigen freien Stunden?<span class=\"ez-toc-section-end\"><\/span><\/h2>\n\n\n\n<blockquote class=\"wp-block-quote is-layout-flow wp-block-quote-is-layout-flow\"><p>Ich liebe es, Zeit mit meiner Familie und meinen Kindern zu verbringen. Spielen, rennen, lachen und das Leben genie\u00dfen. Ihnen will ich mein Konzept des friedlichen Lebens inmitten von Weinbergen zeigen.<\/p><\/blockquote>\n\n\n\n<h2 class=\"wp-block-heading\"><span class=\"ez-toc-section\" id=\"Es_geht_nichts_ueber_die_Heimat_Wuerden_Sie_dennoch_gerne_woanders_Wein_machen\"><\/span>Es geht nichts \u00fcber die Heimat! W\u00fcrden Sie dennoch gerne woanders Wein machen?<span class=\"ez-toc-section-end\"><\/span><\/h2>\n\n\n\n<blockquote class=\"wp-block-quote is-layout-flow wp-block-quote-is-layout-flow\"><p>Haro ist unser Zuhause. Hier vereinen sich unsere Geschichte und unsere Pers\u00f6nlichkeit. Aber ich begeistere mich auch f\u00fcr Jerez, <a href=\"https:\/\/www.silkes-weinkeller.de\/wein\/bordeaux\/\" data-type=\"URL\" data-id=\"https:\/\/www.silkes-weinkeller.de\/wein\/bordeaux\/\">Bordeaux<\/a> und die Region <a href=\"https:\/\/www.silkes-weinkeller.de\/wein\/mosel\/\" data-type=\"URL\" data-id=\"https:\/\/www.silkes-weinkeller.de\/wein\/mosel\/\">Mosel<\/a>.<\/p><\/blockquote>\n\n\n\n<h2 class=\"wp-block-heading\"><span class=\"ez-toc-section\" id=\"Die_Frage_zum_Schluss_Welche_Frage_konnten_Sie_in_der_juengsten_Vergangenheit_nicht_beantworten\"><\/span>Die Frage zum Schluss: Welche Frage konnten Sie in der j\u00fcngsten Vergangenheit nicht beantworten?<span class=\"ez-toc-section-end\"><\/span><\/h2>\n\n\n\n<blockquote class=\"wp-block-quote is-layout-flow wp-block-quote-is-layout-flow\"><p>Die Frage, die ich nie beantworten kann, ist: \u201eWelches ist Ihr <a href=\"https:\/\/www.silkes-weinkeller.de\/weinblatt-magazin\/wie-definiert-man-lieblingswein\/\" data-type=\"URL\" data-id=\"https:\/\/www.silkes-weinkeller.de\/weinblatt-magazin\/wie-definiert-man-lieblingswein\/\">Lieblingswein<\/a>?\u201c Es ist unm\u00f6glich, zu sagen, welcher Wein mein Lieblingswein ist, denn die meisten sind mit den Erfahrungen verbunden, die ich mit ihnen gemacht habe.<\/p><\/blockquote>\n\n\n\n<p><strong>Vielen Dank f\u00fcr Ihre Zeit!<\/strong><\/p>\n","protected":false},"excerpt":{"rendered":"<p>Das Weingut Bodegas Mart\u00ednez Lacuesta befindet sich in der traditionsreichen Stadt Haro. Hier, inmitten La Riojas und in einer der bekanntesten Weinst\u00e4dte des Landes entstehen die Weine des Hauses. Die Familie selbst arbeitet hier schon seit vielen Jahrzehnten. Mit \u00c1lvaro Mart\u00ednez gew\u00e4hrt der heutige Kopf der Bodega Einblicke hinter die Kulissen und zeigt auf, was Weingenuss aus Spanien f\u00fcr ihn bedeutet. Starten wir mit einer schwierigen Frage: Was sollte wirklich jeder \u00fcber Sie wissen? Unser Weingut verfolgt die besondere Philosophie [&hellip;]<\/p>\n","protected":false},"author":10,"featured_media":14185,"comment_status":"open","ping_status":"open","sticky":false,"template":"","format":"standard","meta":{"footnotes":""},"categories":[12,13],"tags":[24,25,91],"class_list":["post-14184","post","type-post","status-publish","format-standard","has-post-thumbnail","hentry","category-weinblatt-serien","category-winzerview","tag-handwerk","tag-weingut","tag-winzer-spanien"],"_links":{"self":[{"href":"https:\/\/www.silkes-weinkeller.de\/weinblatt-magazin\/wp-json\/wp\/v2\/posts\/14184","targetHints":{"allow":["GET"]}}],"collection":[{"href":"https:\/\/www.silkes-weinkeller.de\/weinblatt-magazin\/wp-json\/wp\/v2\/posts"}],"about":[{"href":"https:\/\/www.silkes-weinkeller.de\/weinblatt-magazin\/wp-json\/wp\/v2\/types\/post"}],"author":[{"embeddable":true,"href":"https:\/\/www.silkes-weinkeller.de\/weinblatt-magazin\/wp-json\/wp\/v2\/users\/10"}],"replies":[{"embeddable":true,"href":"https:\/\/www.silkes-weinkeller.de\/weinblatt-magazin\/wp-json\/wp\/v2\/comments?post=14184"}],"version-history":[{"count":2,"href":"https:\/\/www.silkes-weinkeller.de\/weinblatt-magazin\/wp-json\/wp\/v2\/posts\/14184\/revisions"}],"predecessor-version":[{"id":14190,"href":"https:\/\/www.silkes-weinkeller.de\/weinblatt-magazin\/wp-json\/wp\/v2\/posts\/14184\/revisions\/14190"}],"wp:featuredmedia":[{"embeddable":true,"href":"https:\/\/www.silkes-weinkeller.de\/weinblatt-magazin\/wp-json\/wp\/v2\/media\/14185"}],"wp:attachment":[{"href":"https:\/\/www.silkes-weinkeller.de\/weinblatt-magazin\/wp-json\/wp\/v2\/media?parent=14184"}],"wp:term":[{"taxonomy":"category","embeddable":true,"href":"https:\/\/www.silkes-weinkeller.de\/weinblatt-magazin\/wp-json\/wp\/v2\/categories?post=14184"},{"taxonomy":"post_tag","embeddable":true,"href":"https:\/\/www.silkes-weinkeller.de\/weinblatt-magazin\/wp-json\/wp\/v2\/tags?post=14184"}],"curies":[{"name":"wp","href":"https:\/\/api.w.org\/{rel}","templated":true}]}}